{"id":5982,"date":"2021-04-09T14:14:04","date_gmt":"2021-04-09T12:14:04","guid":{"rendered":"https:\/\/www.groupegendreau.com\/une-nouvelle-boutique-pour-la-perle-des-dieux\/"},"modified":"2021-08-31T18:09:10","modified_gmt":"2021-08-31T16:09:10","slug":"une-nouvelle-boutique-pour-la-perle-des-dieux","status":"publish","type":"post","link":"https:\/\/www.groupegendreau.com\/en\/une-nouvelle-boutique-pour-la-perle-des-dieux\/","title":{"rendered":"Une nouvelle boutique pour La Perle des Dieux"},"content":{"rendered":"<p><div class=\"fusion-fullwidth fullwidth-box fusion-builder-row-1 fusion-flex-container nonhundred-percent-fullwidth non-hundred-percent-height-scrolling\" style=\"background-color: rgba(255,255,255,0);background-position: center center;background-repeat: no-repeat;border-width: 0px 0px 0px 0px;border-color:#e2e2e2;border-style:solid;\" ><div class=\"fusion-builder-row fusion-row fusion-flex-align-items-center\" style=\"max-width:1284.4px;margin-left: calc(-4% \/ 2 );margin-right: calc(-4% \/ 2 );\"><div class=\"fusion-layout-column fusion_builder_column fusion-builder-column-0 fusion_builder_column_1_5 1_5 fusion-flex-column\"><div class=\"fusion-column-wrapper fusion-flex-justify-content-flex-start fusion-content-layout-column\" style=\"background-position:left top;background-repeat:no-repeat;-webkit-background-size:cover;-moz-background-size:cover;-o-background-size:cover;background-size:cover;padding: 0px 0px 0px 0px;\"><div ><span class=\" fusion-imageframe imageframe-none imageframe-1 hover-type-none\"><img decoding=\"async\" width=\"180\" height=\"300\" title=\"SJDM-WEB-03\" src=\"https:\/\/www.groupegendreau.com\/wp-content\/uploads\/2021\/04\/SJDM-WEB-03-180x300.jpg\" class=\"img-responsive wp-image-4938\" srcset=\"https:\/\/www.groupegendreau.com\/wp-content\/uploads\/2021\/04\/SJDM-WEB-03-200x334.jpg 200w, https:\/\/www.groupegendreau.com\/wp-content\/uploads\/2021\/04\/SJDM-WEB-03-400x667.jpg 400w, https:\/\/www.groupegendreau.com\/wp-content\/uploads\/2021\/04\/SJDM-WEB-03-600x1001.jpg 600w, https:\/\/www.groupegendreau.com\/wp-content\/uploads\/2021\/04\/SJDM-WEB-03-800x1334.jpg 800w, https:\/\/www.groupegendreau.com\/wp-content\/uploads\/2021\/04\/SJDM-WEB-03-1200x2001.jpg 1200w, https:\/\/www.groupegendreau.com\/wp-content\/uploads\/2021\/04\/SJDM-WEB-03.jpg 1228w\" sizes=\"(max-width: 640px) 100vw, 400px\" \/><\/span><\/div><\/div><style type=\"text\/css\">.fusion-body .fusion-builder-column-0{width:20% !important;margin-top : 0px;margin-bottom : 20px;}.fusion-builder-column-0 > .fusion-column-wrapper {padding-top : 0px !important;padding-right : 0px !important;margin-right : 9.6%;padding-bottom : 0px !important;padding-left : 0px !important;margin-left : 9.6%;}@media only screen and (max-width:1024px) {.fusion-body .fusion-builder-column-0{width:20% !important;order : 0;}.fusion-builder-column-0 > .fusion-column-wrapper {margin-right : 9.6%;margin-left : 9.6%;}}@media only screen and (max-width:640px) {.fusion-body .fusion-builder-column-0{width:100% !important;order : 0;}.fusion-builder-column-0 > .fusion-column-wrapper {margin-right : 1.92%;margin-left : 1.92%;}}<\/style><\/div><div class=\"fusion-layout-column fusion_builder_column fusion-builder-column-1 fusion_builder_column_1_5 1_5 fusion-flex-column\"><div class=\"fusion-column-wrapper fusion-flex-justify-content-flex-start fusion-content-layout-column\" style=\"background-position:left top;background-repeat:no-repeat;-webkit-background-size:cover;-moz-background-size:cover;-o-background-size:cover;background-size:cover;padding: 0px 0px 0px 0px;\"><div ><span class=\" fusion-imageframe imageframe-none imageframe-2 hover-type-none\"><img decoding=\"async\" width=\"200\" height=\"300\" title=\"SJDM-WEB-09\" src=\"https:\/\/www.groupegendreau.com\/wp-content\/uploads\/2021\/04\/SJDM-WEB-09-200x300.jpg\" class=\"img-responsive wp-image-4940\" srcset=\"https:\/\/www.groupegendreau.com\/wp-content\/uploads\/2021\/04\/SJDM-WEB-09-200x300.jpg 200w, https:\/\/www.groupegendreau.com\/wp-content\/uploads\/2021\/04\/SJDM-WEB-09-400x600.jpg 400w, https:\/\/www.groupegendreau.com\/wp-content\/uploads\/2021\/04\/SJDM-WEB-09-600x900.jpg 600w, https:\/\/www.groupegendreau.com\/wp-content\/uploads\/2021\/04\/SJDM-WEB-09-800x1200.jpg 800w, https:\/\/www.groupegendreau.com\/wp-content\/uploads\/2021\/04\/SJDM-WEB-09-1200x1800.jpg 1200w, https:\/\/www.groupegendreau.com\/wp-content\/uploads\/2021\/04\/SJDM-WEB-09.jpg 1365w\" sizes=\"(max-width: 640px) 100vw, 400px\" \/><\/span><\/div><\/div><style type=\"text\/css\">.fusion-body .fusion-builder-column-1{width:20% !important;margin-top : 0px;margin-bottom : 20px;}.fusion-builder-column-1 > .fusion-column-wrapper {padding-top : 0px !important;padding-right : 0px !important;margin-right : 9.6%;padding-bottom : 0px !important;padding-left : 0px !important;margin-left : 9.6%;}@media only screen and (max-width:1024px) {.fusion-body .fusion-builder-column-1{width:20% !important;order : 0;}.fusion-builder-column-1 > .fusion-column-wrapper {margin-right : 9.6%;margin-left : 9.6%;}}@media only screen and (max-width:640px) {.fusion-body .fusion-builder-column-1{width:100% !important;order : 0;}.fusion-builder-column-1 > .fusion-column-wrapper {margin-right : 1.92%;margin-left : 1.92%;}}<\/style><\/div><div class=\"fusion-layout-column fusion_builder_column fusion-builder-column-2 fusion_builder_column_3_5 3_5 fusion-flex-column\"><div class=\"fusion-column-wrapper fusion-flex-justify-content-flex-start fusion-content-layout-column\" style=\"background-position:left top;background-repeat:no-repeat;-webkit-background-size:cover;-moz-background-size:cover;-o-background-size:cover;background-size:cover;padding: 0px 0px 0px 0px;\"><div class=\"fusion-text fusion-text-1\" style=\"text-align:left;\"><p>La Perle des Dieux est ravie d\u2019accueillir toujours plus de gourmets en qu\u00eate d\u2019\u00e9vasion iod\u00e9e avec l\u2019<strong>ouverture d\u2019une 16<sup>\u00e8me<\/sup> boutique<\/strong>. Fra\u00eechement inaugur\u00e9 le 1<sup>er<\/sup> avril, ce nouveau magasin implant\u00e9 au <strong>46 rue du G\u00e9n\u00e9ral de Gaulle \u00e0 Saint-Jean-de-Monts<\/strong> propose toutes les recettes incontournables de La Perle des Dieux. Sardines mill\u00e9sim\u00e9es ou classiques, maquereaux, soupes, ap\u00e9ritifs\u2026 toutes les occasions sont bonnes pour venir d\u00e9couvrir ou red\u00e9couvrir douceurs propos\u00e9es par l\u2019Orf\u00e8vre de la Mer.<\/p>\n<\/div><\/div><style type=\"text\/css\">.fusion-body .fusion-builder-column-2{width:60% !important;margin-top : 0px;margin-bottom : 20px;}.fusion-builder-column-2 > .fusion-column-wrapper {padding-top : 0px !important;padding-right : 0px !important;margin-right : 3.2%;padding-bottom : 0px !important;padding-left : 0px !important;margin-left : 3.2%;}@media only screen and (max-width:1024px) {.fusion-body .fusion-builder-column-2{width:60% !important;order : 0;}.fusion-builder-column-2 > .fusion-column-wrapper {margin-right : 3.2%;margin-left : 3.2%;}}@media only screen and (max-width:640px) {.fusion-body .fusion-builder-column-2{width:100% !important;order : 0;}.fusion-builder-column-2 > .fusion-column-wrapper {margin-right : 1.92%;margin-left : 1.92%;}}<\/style><\/div><\/div><style type=\"text\/css\">.fusion-body .fusion-flex-container.fusion-builder-row-1{ padding-top : 0px;margin-top : 0px;padding-right : 20px;padding-bottom : 0px;margin-bottom : 0px;padding-left : 20px;}<\/style><\/div><div class=\"fusion-fullwidth fullwidth-box fusion-builder-row-2 fusion-flex-container nonhundred-percent-fullwidth non-hundred-percent-height-scrolling\" style=\"background-color: rgba(255,255,255,0);background-position: center center;background-repeat: no-repeat;border-width: 0px 0px 0px 0px;border-color:#e2e2e2;border-style:solid;\" ><div class=\"fusion-builder-row fusion-row fusion-flex-align-items-flex-start\" style=\"max-width:1284.4px;margin-left: calc(-4% \/ 2 );margin-right: calc(-4% \/ 2 );\"><div class=\"fusion-layout-column fusion_builder_column fusion-builder-column-3 fusion_builder_column_1_1 1_1 fusion-flex-column\"><div class=\"fusion-column-wrapper fusion-flex-justify-content-flex-start fusion-content-layout-column\" style=\"background-position:left top;background-repeat:no-repeat;-webkit-background-size:cover;-moz-background-size:cover;-o-background-size:cover;background-size:cover;padding: 0px 0px 0px 0px;\"><div class=\"fusion-text fusion-text-2\"><p>Et parce que l\u2019univers gastronomique doit se vivre pleinement pour en appr\u00e9cier toutes les saveurs, <strong>La Perle des Dieux ouvrira prochainement une boutique en plein centre de Bordeaux<\/strong>. L\u2019occasion d\u2019y proposer non seulement ses recettes et produits habituels mais aussi d\u2019y vivre une exp\u00e9rience unique pour r\u00e9galer les pupilles. Au menu\u00a0? Echange, convivialit\u00e9 et d\u00e9lices du palais avec <strong>un espace \u00e9picerie fine et une zone de d\u00e9gustation<\/strong> d\u00e9di\u00e9e pour ne rien louper des plaisirs gourmands de la mer.<\/p>\n<\/div><\/div><style type=\"text\/css\">.fusion-body .fusion-builder-column-3{width:100% !important;margin-top : 0px;margin-bottom : 20px;}.fusion-builder-column-3 > .fusion-column-wrapper {padding-top : 0px !important;padding-right : 0px !important;margin-right : 1.92%;padding-bottom : 0px !important;padding-left : 0px !important;margin-left : 1.92%;}@media only screen and (max-width:1024px) {.fusion-body .fusion-builder-column-3{width:100% !important;order : 0;}.fusion-builder-column-3 > .fusion-column-wrapper {margin-right : 1.92%;margin-left : 1.92%;}}@media only screen and (max-width:640px) {.fusion-body .fusion-builder-column-3{width:100% !important;order : 0;}.fusion-builder-column-3 > .fusion-column-wrapper {margin-right : 1.92%;margin-left : 1.92%;}}<\/style><\/div><\/div><style type=\"text\/css\">.fusion-body .fusion-flex-container.fusion-builder-row-2{ padding-top : 0px;margin-top : 0px;padding-right : 0px;padding-bottom : 0px;margin-bottom : 0px;padding-left : 0px;}<\/style><\/div><\/p>\n","protected":false},"excerpt":{"rendered":"","protected":false},"author":3,"featured_media":4945,"comment_status":"open","ping_status":"open","sticky":false,"template":"","format":"standard","meta":{"_acf_changed":false,"footnotes":""},"categories":[53],"tags":[],"class_list":["post-5982","post","type-post","status-publish","format-standard","has-post-thumbnail","hentry","category-evenement-en"],"acf":[],"yoast_head":"<!-- This site is optimized with the Yoast SEO plugin v27.4 - https:\/\/yoast.com\/product\/yoast-seo-wordpress\/ -->\n<title>Une nouvelle boutique pour La Perle des Dieux - Groupe Gendreau<\/title>\n<meta name=\"robots\" content=\"index, follow, max-snippet:-1, max-image-preview:large, max-video-preview:-1\" \/>\n<link rel=\"canonical\" href=\"https:\/\/www.groupegendreau.com\/en\/une-nouvelle-boutique-pour-la-perle-des-dieux\/\" \/>\n<meta property=\"og:locale\" content=\"en_US\" \/>\n<meta property=\"og:type\" content=\"article\" \/>\n<meta property=\"og:title\" content=\"Une nouvelle boutique pour La Perle des Dieux - Groupe Gendreau\" \/>\n<meta property=\"og:url\" content=\"https:\/\/www.groupegendreau.com\/en\/une-nouvelle-boutique-pour-la-perle-des-dieux\/\" \/>\n<meta property=\"og:site_name\" content=\"Groupe Gendreau\" \/>\n<meta property=\"article:published_time\" content=\"2021-04-09T12:14:04+00:00\" \/>\n<meta property=\"article:modified_time\" content=\"2021-08-31T16:09:10+00:00\" \/>\n<meta property=\"og:image\" content=\"https:\/\/www.groupegendreau.com\/wp-content\/uploads\/2021\/04\/SJDM-WEB-15-1024x683.jpg\" \/>\n\t<meta property=\"og:image:width\" content=\"1024\" \/>\n\t<meta property=\"og:image:height\" content=\"683\" \/>\n\t<meta property=\"og:image:type\" content=\"image\/jpeg\" \/>\n<meta name=\"author\" content=\"gendreauAdmin\" \/>\n<meta name=\"twitter:card\" content=\"summary_large_image\" \/>\n<meta name=\"twitter:label1\" content=\"Written by\" \/>\n\t<meta name=\"twitter:data1\" content=\"gendreauAdmin\" \/>\n\t<meta name=\"twitter:label2\" content=\"Est. reading time\" \/>\n\t<meta name=\"twitter:data2\" content=\"10 minutes\" \/>\n<script type=\"application\/ld+json\" class=\"yoast-schema-graph\">{\"@context\":\"https:\\\/\\\/schema.org\",\"@graph\":[{\"@type\":\"Article\",\"@id\":\"https:\\\/\\\/www.groupegendreau.com\\\/en\\\/une-nouvelle-boutique-pour-la-perle-des-dieux\\\/#article\",\"isPartOf\":{\"@id\":\"https:\\\/\\\/www.groupegendreau.com\\\/en\\\/une-nouvelle-boutique-pour-la-perle-des-dieux\\\/\"},\"author\":{\"name\":\"gendreauAdmin\",\"@id\":\"https:\\\/\\\/www.groupegendreau.com\\\/en\\\/#\\\/schema\\\/person\\\/24df163ca3cf0e947f0d83a49e73d48e\"},\"headline\":\"Une nouvelle boutique pour La Perle des Dieux\",\"datePublished\":\"2021-04-09T12:14:04+00:00\",\"dateModified\":\"2021-08-31T16:09:10+00:00\",\"mainEntityOfPage\":{\"@id\":\"https:\\\/\\\/www.groupegendreau.com\\\/en\\\/une-nouvelle-boutique-pour-la-perle-des-dieux\\\/\"},\"wordCount\":2021,\"commentCount\":0,\"image\":{\"@id\":\"https:\\\/\\\/www.groupegendreau.com\\\/en\\\/une-nouvelle-boutique-pour-la-perle-des-dieux\\\/#primaryimage\"},\"thumbnailUrl\":\"https:\\\/\\\/www.groupegendreau.com\\\/wp-content\\\/uploads\\\/2021\\\/04\\\/SJDM-WEB-15.jpg\",\"articleSection\":[\"Ev\u00e9nement\"],\"inLanguage\":\"en-US\",\"potentialAction\":[{\"@type\":\"CommentAction\",\"name\":\"Comment\",\"target\":[\"https:\\\/\\\/www.groupegendreau.com\\\/en\\\/une-nouvelle-boutique-pour-la-perle-des-dieux\\\/#respond\"]}]},{\"@type\":\"WebPage\",\"@id\":\"https:\\\/\\\/www.groupegendreau.com\\\/en\\\/une-nouvelle-boutique-pour-la-perle-des-dieux\\\/\",\"url\":\"https:\\\/\\\/www.groupegendreau.com\\\/en\\\/une-nouvelle-boutique-pour-la-perle-des-dieux\\\/\",\"name\":\"Une nouvelle boutique pour La Perle des Dieux - Groupe Gendreau\",\"isPartOf\":{\"@id\":\"https:\\\/\\\/www.groupegendreau.com\\\/en\\\/#website\"},\"primaryImageOfPage\":{\"@id\":\"https:\\\/\\\/www.groupegendreau.com\\\/en\\\/une-nouvelle-boutique-pour-la-perle-des-dieux\\\/#primaryimage\"},\"image\":{\"@id\":\"https:\\\/\\\/www.groupegendreau.com\\\/en\\\/une-nouvelle-boutique-pour-la-perle-des-dieux\\\/#primaryimage\"},\"thumbnailUrl\":\"https:\\\/\\\/www.groupegendreau.com\\\/wp-content\\\/uploads\\\/2021\\\/04\\\/SJDM-WEB-15.jpg\",\"datePublished\":\"2021-04-09T12:14:04+00:00\",\"dateModified\":\"2021-08-31T16:09:10+00:00\",\"author\":{\"@id\":\"https:\\\/\\\/www.groupegendreau.com\\\/en\\\/#\\\/schema\\\/person\\\/24df163ca3cf0e947f0d83a49e73d48e\"},\"breadcrumb\":{\"@id\":\"https:\\\/\\\/www.groupegendreau.com\\\/en\\\/une-nouvelle-boutique-pour-la-perle-des-dieux\\\/#breadcrumb\"},\"inLanguage\":\"en-US\",\"potentialAction\":[{\"@type\":\"ReadAction\",\"target\":[\"https:\\\/\\\/www.groupegendreau.com\\\/en\\\/une-nouvelle-boutique-pour-la-perle-des-dieux\\\/\"]}]},{\"@type\":\"ImageObject\",\"inLanguage\":\"en-US\",\"@id\":\"https:\\\/\\\/www.groupegendreau.com\\\/en\\\/une-nouvelle-boutique-pour-la-perle-des-dieux\\\/#primaryimage\",\"url\":\"https:\\\/\\\/www.groupegendreau.com\\\/wp-content\\\/uploads\\\/2021\\\/04\\\/SJDM-WEB-15.jpg\",\"contentUrl\":\"https:\\\/\\\/www.groupegendreau.com\\\/wp-content\\\/uploads\\\/2021\\\/04\\\/SJDM-WEB-15.jpg\",\"width\":2048,\"height\":1365},{\"@type\":\"BreadcrumbList\",\"@id\":\"https:\\\/\\\/www.groupegendreau.com\\\/en\\\/une-nouvelle-boutique-pour-la-perle-des-dieux\\\/#breadcrumb\",\"itemListElement\":[{\"@type\":\"ListItem\",\"position\":1,\"name\":\"Accueil\",\"item\":\"https:\\\/\\\/www.groupegendreau.com\\\/en\\\/\"},{\"@type\":\"ListItem\",\"position\":2,\"name\":\"Une nouvelle boutique pour La Perle des Dieux\"}]},{\"@type\":\"WebSite\",\"@id\":\"https:\\\/\\\/www.groupegendreau.com\\\/en\\\/#website\",\"url\":\"https:\\\/\\\/www.groupegendreau.com\\\/en\\\/\",\"name\":\"Groupe Gendreau\",\"description\":\"L&#039;imagination en bo\u00eete\",\"potentialAction\":[{\"@type\":\"SearchAction\",\"target\":{\"@type\":\"EntryPoint\",\"urlTemplate\":\"https:\\\/\\\/www.groupegendreau.com\\\/en\\\/?s={search_term_string}\"},\"query-input\":{\"@type\":\"PropertyValueSpecification\",\"valueRequired\":true,\"valueName\":\"search_term_string\"}}],\"inLanguage\":\"en-US\"},{\"@type\":\"Person\",\"@id\":\"https:\\\/\\\/www.groupegendreau.com\\\/en\\\/#\\\/schema\\\/person\\\/24df163ca3cf0e947f0d83a49e73d48e\",\"name\":\"gendreauAdmin\",\"image\":{\"@type\":\"ImageObject\",\"inLanguage\":\"en-US\",\"@id\":\"https:\\\/\\\/secure.gravatar.com\\\/avatar\\\/7c23c2ea4b8ceb256b8847d4317b8235fb724181e1117e0e36d38e309e769d96?s=96&d=mm&r=g\",\"url\":\"https:\\\/\\\/secure.gravatar.com\\\/avatar\\\/7c23c2ea4b8ceb256b8847d4317b8235fb724181e1117e0e36d38e309e769d96?s=96&d=mm&r=g\",\"contentUrl\":\"https:\\\/\\\/secure.gravatar.com\\\/avatar\\\/7c23c2ea4b8ceb256b8847d4317b8235fb724181e1117e0e36d38e309e769d96?s=96&d=mm&r=g\",\"caption\":\"gendreauAdmin\"},\"url\":\"https:\\\/\\\/www.groupegendreau.com\\\/en\\\/author\\\/gendreauadmin\\\/\"}]}<\/script>\n<!-- \/ Yoast SEO plugin. -->","yoast_head_json":{"title":"Une nouvelle boutique pour La Perle des Dieux - Groupe Gendreau","robots":{"index":"index","follow":"follow","max-snippet":"max-snippet:-1","max-image-preview":"max-image-preview:large","max-video-preview":"max-video-preview:-1"},"canonical":"https:\/\/www.groupegendreau.com\/en\/une-nouvelle-boutique-pour-la-perle-des-dieux\/","og_locale":"en_US","og_type":"article","og_title":"Une nouvelle boutique pour La Perle des Dieux - Groupe Gendreau","og_url":"https:\/\/www.groupegendreau.com\/en\/une-nouvelle-boutique-pour-la-perle-des-dieux\/","og_site_name":"Groupe Gendreau","article_published_time":"2021-04-09T12:14:04+00:00","article_modified_time":"2021-08-31T16:09:10+00:00","og_image":[{"width":1024,"height":683,"url":"https:\/\/www.groupegendreau.com\/wp-content\/uploads\/2021\/04\/SJDM-WEB-15-1024x683.jpg","type":"image\/jpeg"}],"author":"gendreauAdmin","twitter_card":"summary_large_image","twitter_misc":{"Written by":"gendreauAdmin","Est. reading time":"10 minutes"},"schema":{"@context":"https:\/\/schema.org","@graph":[{"@type":"Article","@id":"https:\/\/www.groupegendreau.com\/en\/une-nouvelle-boutique-pour-la-perle-des-dieux\/#article","isPartOf":{"@id":"https:\/\/www.groupegendreau.com\/en\/une-nouvelle-boutique-pour-la-perle-des-dieux\/"},"author":{"name":"gendreauAdmin","@id":"https:\/\/www.groupegendreau.com\/en\/#\/schema\/person\/24df163ca3cf0e947f0d83a49e73d48e"},"headline":"Une nouvelle boutique pour La Perle des Dieux","datePublished":"2021-04-09T12:14:04+00:00","dateModified":"2021-08-31T16:09:10+00:00","mainEntityOfPage":{"@id":"https:\/\/www.groupegendreau.com\/en\/une-nouvelle-boutique-pour-la-perle-des-dieux\/"},"wordCount":2021,"commentCount":0,"image":{"@id":"https:\/\/www.groupegendreau.com\/en\/une-nouvelle-boutique-pour-la-perle-des-dieux\/#primaryimage"},"thumbnailUrl":"https:\/\/www.groupegendreau.com\/wp-content\/uploads\/2021\/04\/SJDM-WEB-15.jpg","articleSection":["Ev\u00e9nement"],"inLanguage":"en-US","potentialAction":[{"@type":"CommentAction","name":"Comment","target":["https:\/\/www.groupegendreau.com\/en\/une-nouvelle-boutique-pour-la-perle-des-dieux\/#respond"]}]},{"@type":"WebPage","@id":"https:\/\/www.groupegendreau.com\/en\/une-nouvelle-boutique-pour-la-perle-des-dieux\/","url":"https:\/\/www.groupegendreau.com\/en\/une-nouvelle-boutique-pour-la-perle-des-dieux\/","name":"Une nouvelle boutique pour La Perle des Dieux - Groupe Gendreau","isPartOf":{"@id":"https:\/\/www.groupegendreau.com\/en\/#website"},"primaryImageOfPage":{"@id":"https:\/\/www.groupegendreau.com\/en\/une-nouvelle-boutique-pour-la-perle-des-dieux\/#primaryimage"},"image":{"@id":"https:\/\/www.groupegendreau.com\/en\/une-nouvelle-boutique-pour-la-perle-des-dieux\/#primaryimage"},"thumbnailUrl":"https:\/\/www.groupegendreau.com\/wp-content\/uploads\/2021\/04\/SJDM-WEB-15.jpg","datePublished":"2021-04-09T12:14:04+00:00","dateModified":"2021-08-31T16:09:10+00:00","author":{"@id":"https:\/\/www.groupegendreau.com\/en\/#\/schema\/person\/24df163ca3cf0e947f0d83a49e73d48e"},"breadcrumb":{"@id":"https:\/\/www.groupegendreau.com\/en\/une-nouvelle-boutique-pour-la-perle-des-dieux\/#breadcrumb"},"inLanguage":"en-US","potentialAction":[{"@type":"ReadAction","target":["https:\/\/www.groupegendreau.com\/en\/une-nouvelle-boutique-pour-la-perle-des-dieux\/"]}]},{"@type":"ImageObject","inLanguage":"en-US","@id":"https:\/\/www.groupegendreau.com\/en\/une-nouvelle-boutique-pour-la-perle-des-dieux\/#primaryimage","url":"https:\/\/www.groupegendreau.com\/wp-content\/uploads\/2021\/04\/SJDM-WEB-15.jpg","contentUrl":"https:\/\/www.groupegendreau.com\/wp-content\/uploads\/2021\/04\/SJDM-WEB-15.jpg","width":2048,"height":1365},{"@type":"BreadcrumbList","@id":"https:\/\/www.groupegendreau.com\/en\/une-nouvelle-boutique-pour-la-perle-des-dieux\/#breadcrumb","itemListElement":[{"@type":"ListItem","position":1,"name":"Accueil","item":"https:\/\/www.groupegendreau.com\/en\/"},{"@type":"ListItem","position":2,"name":"Une nouvelle boutique pour La Perle des Dieux"}]},{"@type":"WebSite","@id":"https:\/\/www.groupegendreau.com\/en\/#website","url":"https:\/\/www.groupegendreau.com\/en\/","name":"Groupe Gendreau","description":"L&#039;imagination en bo\u00eete","potentialAction":[{"@type":"SearchAction","target":{"@type":"EntryPoint","urlTemplate":"https:\/\/www.groupegendreau.com\/en\/?s={search_term_string}"},"query-input":{"@type":"PropertyValueSpecification","valueRequired":true,"valueName":"search_term_string"}}],"inLanguage":"en-US"},{"@type":"Person","@id":"https:\/\/www.groupegendreau.com\/en\/#\/schema\/person\/24df163ca3cf0e947f0d83a49e73d48e","name":"gendreauAdmin","image":{"@type":"ImageObject","inLanguage":"en-US","@id":"https:\/\/secure.gravatar.com\/avatar\/7c23c2ea4b8ceb256b8847d4317b8235fb724181e1117e0e36d38e309e769d96?s=96&d=mm&r=g","url":"https:\/\/secure.gravatar.com\/avatar\/7c23c2ea4b8ceb256b8847d4317b8235fb724181e1117e0e36d38e309e769d96?s=96&d=mm&r=g","contentUrl":"https:\/\/secure.gravatar.com\/avatar\/7c23c2ea4b8ceb256b8847d4317b8235fb724181e1117e0e36d38e309e769d96?s=96&d=mm&r=g","caption":"gendreauAdmin"},"url":"https:\/\/www.groupegendreau.com\/en\/author\/gendreauadmin\/"}]}},"_links":{"self":[{"href":"https:\/\/www.groupegendreau.com\/en\/wp-json\/wp\/v2\/posts\/5982","targetHints":{"allow":["GET"]}}],"collection":[{"href":"https:\/\/www.groupegendreau.com\/en\/wp-json\/wp\/v2\/posts"}],"about":[{"href":"https:\/\/www.groupegendreau.com\/en\/wp-json\/wp\/v2\/types\/post"}],"author":[{"embeddable":true,"href":"https:\/\/www.groupegendreau.com\/en\/wp-json\/wp\/v2\/users\/3"}],"replies":[{"embeddable":true,"href":"https:\/\/www.groupegendreau.com\/en\/wp-json\/wp\/v2\/comments?post=5982"}],"version-history":[{"count":1,"href":"https:\/\/www.groupegendreau.com\/en\/wp-json\/wp\/v2\/posts\/5982\/revisions"}],"predecessor-version":[{"id":5987,"href":"https:\/\/www.groupegendreau.com\/en\/wp-json\/wp\/v2\/posts\/5982\/revisions\/5987"}],"wp:featuredmedia":[{"embeddable":true,"href":"https:\/\/www.groupegendreau.com\/en\/wp-json\/wp\/v2\/media\/4945"}],"wp:attachment":[{"href":"https:\/\/www.groupegendreau.com\/en\/wp-json\/wp\/v2\/media?parent=5982"}],"wp:term":[{"taxonomy":"category","embeddable":true,"href":"https:\/\/www.groupegendreau.com\/en\/wp-json\/wp\/v2\/categories?post=5982"},{"taxonomy":"post_tag","embeddable":true,"href":"https:\/\/www.groupegendreau.com\/en\/wp-json\/wp\/v2\/tags?post=5982"}],"curies":[{"name":"wp","href":"https:\/\/api.w.org\/{rel}","templated":true}]}}